{"id":2605,"date":"2025-09-03T17:08:35","date_gmt":"2025-09-03T15:08:35","guid":{"rendered":"https:\/\/amicalelaiquecasteljaloux.fr\/?p=2605"},"modified":"2025-09-03T17:08:35","modified_gmt":"2025-09-03T15:08:35","slug":"yoga","status":"publish","type":"post","link":"https:\/\/amicalelaiquecasteljaloux.fr\/?p=2605","title":{"rendered":"YOGA"},"content":{"rendered":"\n<p>Section Yoga \u2013 Rentr\u00e9e 2025\u20132026 Reprise des ateliers \u00e0 partir du lundi 22 septembre<\/p>\n\n\n\n<p>Envie de vous reconnecter \u00e0 votre corps et \u00e0 votre esprit ? Catherine vous accueille <a><\/a>dans une ambiance simple et bienveillante pour des cours de hatha yoga accessibles \u00e0 toutes et \u00e0 tous.<\/p>\n\n\n\n<p><img loading=\"lazy\" decoding=\"async\" height=\"16\" width=\"16\" alt=\"\ud83d\udcc5\" src=\"https:\/\/static.xx.fbcdn.net\/images\/emoji.php\/v9\/t7e\/1\/16\/1f4c5.png\"> Horaires des cours \u2013 Lundi de 9h30 \u00e0 10h45 : s\u00e9ance dynamique, id\u00e9ale pour d\u00e9marrer la semaine avec \u00e9nergie \u2013 Mercredi de 18h00 \u00e0 19h15 : s\u00e9ance plus douce, parfaite pour se d\u00e9tendre en soir\u00e9e <img loading=\"lazy\" decoding=\"async\" height=\"16\" width=\"16\" alt=\"\ud83d\udccd\" src=\"https:\/\/static.xx.fbcdn.net\/images\/emoji.php\/v9\/t2d\/1\/16\/1f4cd.png\"> Salle du premier \u00e9tage<\/p>\n\n\n\n<p><img loading=\"lazy\" decoding=\"async\" height=\"16\" width=\"16\" alt=\"\ud83d\udc69\u200d\ud83c\udfeb\" src=\"https:\/\/static.xx.fbcdn.net\/images\/emoji.php\/v9\/t94\/1\/16\/1f469_200d_1f3eb.png\"> Catherine, professeure dipl\u00f4m\u00e9e depuis 2020, propose tout au long de l\u2019ann\u00e9e des ateliers vari\u00e9s : bain de gong, sortie au lac, et bien d\u2019autres surprises pour explorer diff\u00e9rentes techniques de bien-\u00eatre.<img loading=\"lazy\" decoding=\"async\" height=\"16\" width=\"16\" alt=\"\u2728\" src=\"https:\/\/static.xx.fbcdn.net\/images\/emoji.php\/v9\/tf4\/1\/16\/2728.png\"> Les bienfaits du yoga \u2013 Meilleure mobilit\u00e9 \u2013 \u00c9quilibre corps\/mental \u2013 Accroissement de l\u2019\u00e9nergie \u2013 Harmonisation des capacit\u00e9s.<img loading=\"lazy\" decoding=\"async\" height=\"16\" width=\"16\" alt=\"\ud83c\udf81\" src=\"https:\/\/static.xx.fbcdn.net\/images\/emoji.php\/v9\/t84\/1\/16\/1f381.png\"> Premi\u00e8re s\u00e9ance gratuite pour essayer <img loading=\"lazy\" decoding=\"async\" height=\"16\" width=\"16\" alt=\"\ud83e\uddd8\u200d\u2642\ufe0f\" src=\"https:\/\/static.xx.fbcdn.net\/images\/emoji.php\/v9\/td5\/1\/16\/1f9d8_200d_2642.png\"> Tapis disponibles sur place<\/p>\n\n\n\n<p>Venez comme vous \u00eates, respirez, et laissez-vous guider <img loading=\"lazy\" decoding=\"async\" height=\"16\" width=\"16\" alt=\"\ud83c\udf3f\" src=\"https:\/\/static.xx.fbcdn.net\/images\/emoji.php\/v9\/t1e\/1\/16\/1f33f.png\"><\/p>\n\n\n\n<figure class=\"wp-block-image size-large\"><img loading=\"lazy\" decoding=\"async\" width=\"1024\" height=\"462\" src=\"https:\/\/amicalelaiquecasteljaloux.fr\/wp-content\/uploads\/2025\/09\/IMG_3359-1024x462.jpg\" alt=\"\" class=\"wp-image-2606\" srcset=\"https:\/\/amicalelaiquecasteljaloux.fr\/wp-content\/uploads\/2025\/09\/IMG_3359-1024x462.jpg 1024w, https:\/\/amicalelaiquecasteljaloux.fr\/wp-content\/uploads\/2025\/09\/IMG_3359-300x135.jpg 300w, https:\/\/amicalelaiquecasteljaloux.fr\/wp-content\/uploads\/2025\/09\/IMG_3359-768x347.jpg 768w, https:\/\/amicalelaiquecasteljaloux.fr\/wp-content\/uploads\/2025\/09\/IMG_3359-1536x693.jpg 1536w, https:\/\/amicalelaiquecasteljaloux.fr\/wp-content\/uploads\/2025\/09\/IMG_3359-2048x925.jpg 2048w\" sizes=\"(max-width: 1024px) 100vw, 1024px\" \/><\/figure>\n","protected":false},"excerpt":{"rendered":"<p>Section Yoga \u2013 Rentr\u00e9e 2025\u20132026 Reprise des ateliers \u00e0 partir du lundi 22 septembre Envie de vous reconnecter \u00e0 votre corps et \u00e0 votre esprit ? Catherine vous accueille dans &hellip;<\/p>\n<p class=\"read-more\"> <a class=\"\" href=\"https:\/\/amicalelaiquecasteljaloux.fr\/?p=2605\"> <span class=\"screen-reader-text\">YOGA<\/span> Lire la suite\u00a0\u00bb<\/a><\/p>\n","protected":false},"author":1,"featured_media":0,"comment_status":"open","ping_status":"open","sticky":false,"template":"","format":"standard","meta":{"_uag_custom_page_level_css":"","site-sidebar-layout":"default","site-content-layout":"default","ast-main-header-display":"","ast-hfb-above-header-display":"","ast-hfb-below-header-display":"","ast-hfb-mobile-header-display":"","site-post-title":"","ast-breadcrumbs-content":"","ast-featured-img":"","footer-sml-layout":"","theme-transparent-header-meta":"","adv-header-id-meta":"","stick-header-meta":"","header-above-stick-meta":"","header-main-stick-meta":"","header-below-stick-meta":"","footnotes":""},"categories":[1],"tags":[],"uagb_featured_image_src":{"full":false,"thumbnail":false,"medium":false,"medium_large":false,"large":false,"1536x1536":false,"2048x2048":false},"uagb_author_info":{"display_name":"admin5209","author_link":"https:\/\/amicalelaiquecasteljaloux.fr\/?author=1"},"uagb_comment_info":5,"uagb_excerpt":"Section Yoga \u2013 Rentr\u00e9e 2025\u20132026 Reprise des ateliers \u00e0 partir du lundi 22 septembre Envie de vous reconnecter \u00e0 votre corps et \u00e0 votre esprit ? Catherine vous accueille dans &hellip; YOGA Lire la suite\u00a0\u00bb","_links":{"self":[{"href":"https:\/\/amicalelaiquecasteljaloux.fr\/index.php?rest_route=\/wp\/v2\/posts\/2605"}],"collection":[{"href":"https:\/\/amicalelaiquecasteljaloux.fr\/index.php?rest_route=\/wp\/v2\/posts"}],"about":[{"href":"https:\/\/amicalelaiquecasteljaloux.fr\/index.php?rest_route=\/wp\/v2\/types\/post"}],"author":[{"embeddable":true,"href":"https:\/\/amicalelaiquecasteljaloux.fr\/index.php?rest_route=\/wp\/v2\/users\/1"}],"replies":[{"embeddable":true,"href":"https:\/\/amicalelaiquecasteljaloux.fr\/index.php?rest_route=%2Fwp%2Fv2%2Fcomments&post=2605"}],"version-history":[{"count":1,"href":"https:\/\/amicalelaiquecasteljaloux.fr\/index.php?rest_route=\/wp\/v2\/posts\/2605\/revisions"}],"predecessor-version":[{"id":2607,"href":"https:\/\/amicalelaiquecasteljaloux.fr\/index.php?rest_route=\/wp\/v2\/posts\/2605\/revisions\/2607"}],"wp:attachment":[{"href":"https:\/\/amicalelaiquecasteljaloux.fr\/index.php?rest_route=%2Fwp%2Fv2%2Fmedia&parent=2605"}],"wp:term":[{"taxonomy":"category","embeddable":true,"href":"https:\/\/amicalelaiquecasteljaloux.fr\/index.php?rest_route=%2Fwp%2Fv2%2Fcategories&post=2605"},{"taxonomy":"post_tag","embeddable":true,"href":"https:\/\/amicalelaiquecasteljaloux.fr\/index.php?rest_route=%2Fwp%2Fv2%2Ftags&post=2605"}],"curies":[{"name":"wp","href":"https:\/\/api.w.org\/{rel}","templated":true}]}}