{"id":2613,"date":"2025-09-09T20:48:47","date_gmt":"2025-09-09T18:48:47","guid":{"rendered":"https:\/\/amicalelaiquecasteljaloux.fr\/?p=2613"},"modified":"2025-09-09T20:48:47","modified_gmt":"2025-09-09T18:48:47","slug":"reprise-de-latelier-patchwork","status":"publish","type":"post","link":"https:\/\/amicalelaiquecasteljaloux.fr\/?p=2613","title":{"rendered":"Reprise de l\u2019atelier patchwork"},"content":{"rendered":"\n<p>\ud83c\udf89 Reprise de l\u2019atelier patchwork ce mercredi de 14 heures \u00e0 17 heures salle de l&rsquo;Amicale rdc ! \ud83c\udfa8\ud83e\uddf5<br>Ce n\u2019est pas un cours classique\u2026 mais un v\u00e9ritable espace d\u2019\u00e9change, de partage de conseils et de comp\u00e9tences, o\u00f9 chaque participante avance sur son projet personnel \u00e0 son rythme et selon ses envies.<br>\u2728 Patchwork, broderie, trapunto (une belle d\u00e9couverte en 2024 gr\u00e2ce \u00e0 Michelle !) : autant de techniques pour cr\u00e9er des \u0153uvres uniques \u2014 coussins, tableaux, couvertures, dessus de lit\u2026 et surtout, beaucoup de fiert\u00e9 et de convivialit\u00e9.<br>\ud83d\udc76 D\u00e9butante ou experte, chacune trouve sa place. Le groupe est l\u00e0 pour soutenir, inspirer et encourager.<br>\ud83d\udccdRendez-vous mercredi pour une nouvelle saison de cr\u00e9ativit\u00e9 et de bonne humeur !<br>\ud83d\udce9 Infos : 06 75 52 36 49 ou 07 57 40 64 99<\/p>\n\n\n\n<div class=\"wp-block-uagb-image uagb-block-def7847b wp-block-uagb-image--layout-default wp-block-uagb-image--effect-static wp-block-uagb-image--align-none\"><figure class=\"wp-block-uagb-image__figure\"><img decoding=\"async\" srcset=\" \" src=\"\" alt=\"\" width=\"\" height=\"\" title=\"\" loading=\"lazy\"\/><\/figure><\/div>\n","protected":false},"excerpt":{"rendered":"<p>\ud83c\udf89 Reprise de l\u2019atelier patchwork ce mercredi de 14 heures \u00e0 17 heures salle de l&rsquo;Amicale rdc ! \ud83c\udfa8\ud83e\uddf5Ce n\u2019est pas un cours classique\u2026 mais un v\u00e9ritable espace d\u2019\u00e9change, de &hellip;<\/p>\n<p class=\"read-more\"> <a class=\"\" href=\"https:\/\/amicalelaiquecasteljaloux.fr\/?p=2613\"> <span class=\"screen-reader-text\">Reprise de l\u2019atelier patchwork<\/span> Lire la suite\u00a0\u00bb<\/a><\/p>\n","protected":false},"author":1,"featured_media":0,"comment_status":"open","ping_status":"open","sticky":false,"template":"","format":"standard","meta":{"_uag_custom_page_level_css":"","site-sidebar-layout":"default","site-content-layout":"default","ast-main-header-display":"","ast-hfb-above-header-display":"","ast-hfb-below-header-display":"","ast-hfb-mobile-header-display":"","site-post-title":"","ast-breadcrumbs-content":"","ast-featured-img":"","footer-sml-layout":"","theme-transparent-header-meta":"","adv-header-id-meta":"","stick-header-meta":"","header-above-stick-meta":"","header-main-stick-meta":"","header-below-stick-meta":"","footnotes":""},"categories":[1],"tags":[],"uagb_featured_image_src":{"full":false,"thumbnail":false,"medium":false,"medium_large":false,"large":false,"1536x1536":false,"2048x2048":false},"uagb_author_info":{"display_name":"admin5209","author_link":"https:\/\/amicalelaiquecasteljaloux.fr\/?author=1"},"uagb_comment_info":6,"uagb_excerpt":"\ud83c\udf89 Reprise de l\u2019atelier patchwork ce mercredi de 14 heures \u00e0 17 heures salle de l&rsquo;Amicale rdc ! \ud83c\udfa8\ud83e\uddf5Ce n\u2019est pas un cours classique\u2026 mais un v\u00e9ritable espace d\u2019\u00e9change, de &hellip; Reprise de l\u2019atelier patchwork Lire la suite\u00a0\u00bb","_links":{"self":[{"href":"https:\/\/amicalelaiquecasteljaloux.fr\/index.php?rest_route=\/wp\/v2\/posts\/2613"}],"collection":[{"href":"https:\/\/amicalelaiquecasteljaloux.fr\/index.php?rest_route=\/wp\/v2\/posts"}],"about":[{"href":"https:\/\/amicalelaiquecasteljaloux.fr\/index.php?rest_route=\/wp\/v2\/types\/post"}],"author":[{"embeddable":true,"href":"https:\/\/amicalelaiquecasteljaloux.fr\/index.php?rest_route=\/wp\/v2\/users\/1"}],"replies":[{"embeddable":true,"href":"https:\/\/amicalelaiquecasteljaloux.fr\/index.php?rest_route=%2Fwp%2Fv2%2Fcomments&post=2613"}],"version-history":[{"count":1,"href":"https:\/\/amicalelaiquecasteljaloux.fr\/index.php?rest_route=\/wp\/v2\/posts\/2613\/revisions"}],"predecessor-version":[{"id":2614,"href":"https:\/\/amicalelaiquecasteljaloux.fr\/index.php?rest_route=\/wp\/v2\/posts\/2613\/revisions\/2614"}],"wp:attachment":[{"href":"https:\/\/amicalelaiquecasteljaloux.fr\/index.php?rest_route=%2Fwp%2Fv2%2Fmedia&parent=2613"}],"wp:term":[{"taxonomy":"category","embeddable":true,"href":"https:\/\/amicalelaiquecasteljaloux.fr\/index.php?rest_route=%2Fwp%2Fv2%2Fcategories&post=2613"},{"taxonomy":"post_tag","embeddable":true,"href":"https:\/\/amicalelaiquecasteljaloux.fr\/index.php?rest_route=%2Fwp%2Fv2%2Ftags&post=2613"}],"curies":[{"name":"wp","href":"https:\/\/api.w.org\/{rel}","templated":true}]}}