{"id":2667,"date":"2025-12-08T11:45:53","date_gmt":"2025-12-08T10:45:53","guid":{"rendered":"https:\/\/amicalelaiquecasteljaloux.fr\/?p=2667"},"modified":"2025-12-08T11:45:53","modified_gmt":"2025-12-08T10:45:53","slug":"cest-ma-mare-au-pays-des-fables-de-la-fontaine","status":"publish","type":"post","link":"https:\/\/amicalelaiquecasteljaloux.fr\/?p=2667","title":{"rendered":"C&rsquo;est ma Mare ! Au Pays des Fables de la Fontaine"},"content":{"rendered":"\n<p><strong>Spectacle autour des Fables de La Fontaine \u2013 Salle de la Bartere<\/strong><\/p>\n\n\n\n<figure class=\"wp-block-image size-large\"><img loading=\"lazy\" decoding=\"async\" width=\"724\" height=\"1024\" src=\"https:\/\/amicalelaiquecasteljaloux.fr\/wp-content\/uploads\/2025\/12\/Copie-de-Black-and-White-Stationery-Notes-A4-Document-3-724x1024.png\" alt=\"\" class=\"wp-image-2668\" srcset=\"https:\/\/amicalelaiquecasteljaloux.fr\/wp-content\/uploads\/2025\/12\/Copie-de-Black-and-White-Stationery-Notes-A4-Document-3-724x1024.png 724w, https:\/\/amicalelaiquecasteljaloux.fr\/wp-content\/uploads\/2025\/12\/Copie-de-Black-and-White-Stationery-Notes-A4-Document-3-212x300.png 212w, https:\/\/amicalelaiquecasteljaloux.fr\/wp-content\/uploads\/2025\/12\/Copie-de-Black-and-White-Stationery-Notes-A4-Document-3-768x1086.png 768w, https:\/\/amicalelaiquecasteljaloux.fr\/wp-content\/uploads\/2025\/12\/Copie-de-Black-and-White-Stationery-Notes-A4-Document-3-1086x1536.png 1086w, https:\/\/amicalelaiquecasteljaloux.fr\/wp-content\/uploads\/2025\/12\/Copie-de-Black-and-White-Stationery-Notes-A4-Document-3.png 1414w\" sizes=\"(max-width: 724px) 100vw, 724px\" \/><\/figure>\n\n\n\n<p>L\u2019amicale la\u00efque de Casteljaloux annonce la tenue d\u2019un spectacle original inspir\u00e9 des c\u00e9l\u00e8bres fables de Jean de La Fontaine. Cette cr\u00e9ation collective, destin\u00e9e aux familles et aux enfants \u00e0 partir de six ans, sera pr\u00e9sent\u00e9e <strong>mercredi 17 d\u00e9cembre<\/strong> \u00e0 la salle de la Bartere.<\/p>\n\n\n\n<p>Le projet, port\u00e9 par <strong>l\u2019atelier th\u00e9\u00e2tre de l\u2019Amicale la\u00efque<\/strong> et mis en sc\u00e8ne par <strong>David Fi\u00e9vet<\/strong>, r\u00e9unit une trentaine de participants. Parmi eux, six enfants de l\u2019atelier th\u00e9\u00e2tre et dix danseurs de l\u2019atelier de Florence, qui incarnent les courtisans de Versailles. Les costumes, r\u00e9alis\u00e9s avec le concours de Christine et les d\u00e9cors cr\u00e9es par la troupe &nbsp;apportent une richesse visuelle essentielle \u00e0 la mise en sc\u00e8ne. Trois nouveaux com\u00e9diens rejoignent la troupe\u202f: <strong>Maxime<\/strong> dans le r\u00f4le de Jean de La Fontaine, <strong>Karine<\/strong> en Chat et <strong>Florence<\/strong> en Grenouille.<\/p>\n\n\n\n<p>Le spectacle revisite plusieurs fables embl\u00e9matiques (<em>La Cigale et la Fourmi<\/em>, <em>Le Corbeau et le Renard<\/em>, <em>Le Meunier, son fils et l\u2019\u00e2ne<\/em>) et propose une aventure qui conduit les personnages de la for\u00eat jusqu\u2019\u00e0 Versailles.<\/p>\n\n\n\n<p>Cet \u00e9v\u00e9nement est organis\u00e9 <strong>en partenariat avec le Secours populaire<\/strong>, afin de permettre au plus grand nombre de profiter d\u2019un moment culturel et festif.<\/p>\n\n\n\n<p>Deux repr\u00e9sentations sont pr\u00e9vues, <strong>au chapeau<\/strong>, le mercredi 17 d\u00e9cembre \u00e0 la salle de la Bartere\u202f:<\/p>\n\n\n\n<ul>\n<li>\u00e0 <strong>15h<\/strong> pour l\u2019apr\u00e8s-midi,<\/li>\n\n\n\n<li>\u00e0 <strong>20h<\/strong> pour la soir\u00e9e.<\/li>\n<\/ul>\n","protected":false},"excerpt":{"rendered":"<p>Spectacle autour des Fables de La Fontaine \u2013 Salle de la Bartere L\u2019amicale la\u00efque de Casteljaloux annonce la tenue d\u2019un spectacle original inspir\u00e9 des c\u00e9l\u00e8bres fables de Jean de La &hellip;<\/p>\n<p class=\"read-more\"> <a class=\"\" href=\"https:\/\/amicalelaiquecasteljaloux.fr\/?p=2667\"> <span class=\"screen-reader-text\">C&rsquo;est ma Mare ! Au Pays des Fables de la Fontaine<\/span> Lire la suite\u00a0\u00bb<\/a><\/p>\n","protected":false},"author":1,"featured_media":0,"comment_status":"open","ping_status":"open","sticky":false,"template":"","format":"standard","meta":{"_uag_custom_page_level_css":"","site-sidebar-layout":"default","site-content-layout":"default","ast-main-header-display":"","ast-hfb-above-header-display":"","ast-hfb-below-header-display":"","ast-hfb-mobile-header-display":"","site-post-title":"","ast-breadcrumbs-content":"","ast-featured-img":"","footer-sml-layout":"","theme-transparent-header-meta":"","adv-header-id-meta":"","stick-header-meta":"","header-above-stick-meta":"","header-main-stick-meta":"","header-below-stick-meta":"","footnotes":""},"categories":[1],"tags":[],"uagb_featured_image_src":{"full":false,"thumbnail":false,"medium":false,"medium_large":false,"large":false,"1536x1536":false,"2048x2048":false},"uagb_author_info":{"display_name":"admin5209","author_link":"https:\/\/amicalelaiquecasteljaloux.fr\/?author=1"},"uagb_comment_info":678,"uagb_excerpt":"Spectacle autour des Fables de La Fontaine \u2013 Salle de la Bartere L\u2019amicale la\u00efque de Casteljaloux annonce la tenue d\u2019un spectacle original inspir\u00e9 des c\u00e9l\u00e8bres fables de Jean de La &hellip; C&rsquo;est ma Mare ! Au Pays des Fables de la Fontaine Lire la suite\u00a0\u00bb","_links":{"self":[{"href":"https:\/\/amicalelaiquecasteljaloux.fr\/index.php?rest_route=\/wp\/v2\/posts\/2667"}],"collection":[{"href":"https:\/\/amicalelaiquecasteljaloux.fr\/index.php?rest_route=\/wp\/v2\/posts"}],"about":[{"href":"https:\/\/amicalelaiquecasteljaloux.fr\/index.php?rest_route=\/wp\/v2\/types\/post"}],"author":[{"embeddable":true,"href":"https:\/\/amicalelaiquecasteljaloux.fr\/index.php?rest_route=\/wp\/v2\/users\/1"}],"replies":[{"embeddable":true,"href":"https:\/\/amicalelaiquecasteljaloux.fr\/index.php?rest_route=%2Fwp%2Fv2%2Fcomments&post=2667"}],"version-history":[{"count":1,"href":"https:\/\/amicalelaiquecasteljaloux.fr\/index.php?rest_route=\/wp\/v2\/posts\/2667\/revisions"}],"predecessor-version":[{"id":2669,"href":"https:\/\/amicalelaiquecasteljaloux.fr\/index.php?rest_route=\/wp\/v2\/posts\/2667\/revisions\/2669"}],"wp:attachment":[{"href":"https:\/\/amicalelaiquecasteljaloux.fr\/index.php?rest_route=%2Fwp%2Fv2%2Fmedia&parent=2667"}],"wp:term":[{"taxonomy":"category","embeddable":true,"href":"https:\/\/amicalelaiquecasteljaloux.fr\/index.php?rest_route=%2Fwp%2Fv2%2Fcategories&post=2667"},{"taxonomy":"post_tag","embeddable":true,"href":"https:\/\/amicalelaiquecasteljaloux.fr\/index.php?rest_route=%2Fwp%2Fv2%2Ftags&post=2667"}],"curies":[{"name":"wp","href":"https:\/\/api.w.org\/{rel}","templated":true}]}}