{"id":790,"date":"2022-02-13T09:25:02","date_gmt":"2022-02-13T08:25:02","guid":{"rendered":"https:\/\/amicalelaiquecasteljaloux.fr\/?p=790"},"modified":"2022-03-02T09:04:06","modified_gmt":"2022-03-02T08:04:06","slug":"assemblee-generale-2022","status":"publish","type":"post","link":"https:\/\/amicalelaiquecasteljaloux.fr\/?p=790","title":{"rendered":"Assembl\u00e9e G\u00e9n\u00e9rale 2022"},"content":{"rendered":"\n<p>L&rsquo;assembl\u00e9e G\u00e9n\u00e9rale 2022 a eu lieu le lundi 28 f\u00e9vrier avec  un bilan moral et bilan financier, tr\u00e8s positifs, vot\u00e9s par les adh\u00e9rents et salu\u00e9s par Julie Castillo, maire Casteljaloux, Carole Montigny adjointe d\u00e9l\u00e9gu\u00e9e \u00e0 la culture et \u00e0 la communication, Raymond Girardi, pr\u00e9sident de la Communaut\u00e9 de Communes<br>L&rsquo;assembl\u00e9e a aussi  vot\u00e9 pour le nouveau CA  avec 14 membres dont 4 nouveaux. <br>Question diverses: Serge Lan\u00e7on a annonc\u00e9 qu&rsquo;il souhaite se retirer de la pr\u00e9sidence. Il a \u00e9t\u00e9 tr\u00e9sorier en 1978, puis pr\u00e9sident depuis 1998. Il a cependant bien pr\u00e9cis\u00e9 \u00ab\u00a0qu&rsquo;il ne s&rsquo;\u00e9loignera pas trop de l&rsquo;amicale la\u00efque\u00a0\u00bb. Son engagement et son militantisme pour les principes fondamentaux de l&rsquo;Amicale La\u00efque a \u00e9t\u00e9 applaudi par tous.<br><\/p>\n\n\n\n<figure class=\"wp-block-image size-large is-resized\"><img loading=\"lazy\" decoding=\"async\" src=\"https:\/\/amicalelaiquecasteljaloux.fr\/wp-content\/uploads\/2022\/03\/AG.2-1024x531.jpg\" alt=\"\" class=\"wp-image-1020\" width=\"607\" height=\"315\" srcset=\"https:\/\/amicalelaiquecasteljaloux.fr\/wp-content\/uploads\/2022\/03\/AG.2-1024x531.jpg 1024w, https:\/\/amicalelaiquecasteljaloux.fr\/wp-content\/uploads\/2022\/03\/AG.2-300x155.jpg 300w, https:\/\/amicalelaiquecasteljaloux.fr\/wp-content\/uploads\/2022\/03\/AG.2-768x398.jpg 768w, https:\/\/amicalelaiquecasteljaloux.fr\/wp-content\/uploads\/2022\/03\/AG.2-1536x796.jpg 1536w, https:\/\/amicalelaiquecasteljaloux.fr\/wp-content\/uploads\/2022\/03\/AG.2-2048x1061.jpg 2048w\" sizes=\"(max-width: 607px) 100vw, 607px\" \/><figcaption>Serge Lan\u00e7on annonce son d\u00e9part de la pr\u00e9sidence de l&rsquo;amicale la\u00efque<\/figcaption><\/figure>\n\n\n\n<p><\/p>\n","protected":false},"excerpt":{"rendered":"<p>L&rsquo;assembl\u00e9e G\u00e9n\u00e9rale 2022 a eu lieu le lundi 28 f\u00e9vrier avec un bilan moral et bilan financier, tr\u00e8s positifs, vot\u00e9s par les adh\u00e9rents et salu\u00e9s par Julie Castillo, maire Casteljaloux, &hellip;<\/p>\n<p class=\"read-more\"> <a class=\"\" href=\"https:\/\/amicalelaiquecasteljaloux.fr\/?p=790\"> <span class=\"screen-reader-text\">Assembl\u00e9e G\u00e9n\u00e9rale 2022<\/span> Lire la suite\u00a0\u00bb<\/a><\/p>\n","protected":false},"author":1,"featured_media":0,"comment_status":"open","ping_status":"open","sticky":false,"template":"","format":"standard","meta":{"_uag_custom_page_level_css":"","site-sidebar-layout":"default","site-content-layout":"default","ast-main-header-display":"","ast-hfb-above-header-display":"","ast-hfb-below-header-display":"","ast-hfb-mobile-header-display":"","site-post-title":"","ast-breadcrumbs-content":"","ast-featured-img":"","footer-sml-layout":"","theme-transparent-header-meta":"default","adv-header-id-meta":"","stick-header-meta":"","header-above-stick-meta":"","header-main-stick-meta":"","header-below-stick-meta":"","footnotes":""},"categories":[1],"tags":[],"uagb_featured_image_src":{"full":false,"thumbnail":false,"medium":false,"medium_large":false,"large":false,"1536x1536":false,"2048x2048":false},"uagb_author_info":{"display_name":"admin5209","author_link":"https:\/\/amicalelaiquecasteljaloux.fr\/?author=1"},"uagb_comment_info":0,"uagb_excerpt":"L&rsquo;assembl\u00e9e G\u00e9n\u00e9rale 2022 a eu lieu le lundi 28 f\u00e9vrier avec un bilan moral et bilan financier, tr\u00e8s positifs, vot\u00e9s par les adh\u00e9rents et salu\u00e9s par Julie Castillo, maire Casteljaloux, &hellip; Assembl\u00e9e G\u00e9n\u00e9rale 2022 Lire la suite\u00a0\u00bb","_links":{"self":[{"href":"https:\/\/amicalelaiquecasteljaloux.fr\/index.php?rest_route=\/wp\/v2\/posts\/790"}],"collection":[{"href":"https:\/\/amicalelaiquecasteljaloux.fr\/index.php?rest_route=\/wp\/v2\/posts"}],"about":[{"href":"https:\/\/amicalelaiquecasteljaloux.fr\/index.php?rest_route=\/wp\/v2\/types\/post"}],"author":[{"embeddable":true,"href":"https:\/\/amicalelaiquecasteljaloux.fr\/index.php?rest_route=\/wp\/v2\/users\/1"}],"replies":[{"embeddable":true,"href":"https:\/\/amicalelaiquecasteljaloux.fr\/index.php?rest_route=%2Fwp%2Fv2%2Fcomments&post=790"}],"version-history":[{"count":12,"href":"https:\/\/amicalelaiquecasteljaloux.fr\/index.php?rest_route=\/wp\/v2\/posts\/790\/revisions"}],"predecessor-version":[{"id":1069,"href":"https:\/\/amicalelaiquecasteljaloux.fr\/index.php?rest_route=\/wp\/v2\/posts\/790\/revisions\/1069"}],"wp:attachment":[{"href":"https:\/\/amicalelaiquecasteljaloux.fr\/index.php?rest_route=%2Fwp%2Fv2%2Fmedia&parent=790"}],"wp:term":[{"taxonomy":"category","embeddable":true,"href":"https:\/\/amicalelaiquecasteljaloux.fr\/index.php?rest_route=%2Fwp%2Fv2%2Fcategories&post=790"},{"taxonomy":"post_tag","embeddable":true,"href":"https:\/\/amicalelaiquecasteljaloux.fr\/index.php?rest_route=%2Fwp%2Fv2%2Ftags&post=790"}],"curies":[{"name":"wp","href":"https:\/\/api.w.org\/{rel}","templated":true}]}}